{"id":15195,"date":"2013-06-04T21:52:46","date_gmt":"2013-06-04T20:52:46","guid":{"rendered":"http:\/\/www.planet-ari-um.de\/blubs\/?p=15195"},"modified":"2020-06-30T11:55:38","modified_gmt":"2020-06-30T09:55:38","slug":"malala-yousafzai","status":"publish","type":"post","link":"https:\/\/blog.planet-ari-um.de\/?p=15195","title":{"rendered":"Malala Yousafzai"},"content":{"rendered":"<blockquote>\n<p id=\"spIntroTeaser\">Die Taliban schie\u00dfen ein 14-j\u00e4hriges M\u00e4dchen nieder, selbst andere Terroristen verdammen die Tat als &#8222;barbarischen Anschlag&#8220;. Pl\u00f6tzlich ist damit auch die Angst zur\u00fcck: Die Menschen in Pakistan f\u00fcrchten eine neue Schreckensherrschaft, sie haben Angst vor Pl\u00fcnderungen und Peitschenhieben.<\/p>\n<\/blockquote>\n<p style=\"text-align: left\">Die tollen Taliban haben anscheinend Angst vor einem kleinen M\u00e4dchen, das es wagt den Mund aufzumachen und verbreitet, was die Taliban so treiben!<\/p>\n<p>Gen\u00fctzt hat es ihnen nichts, denn sie hat \u00fcberlebt! &#8211; Und macht weiter den Mund auf und l\u00e4sst ihn sich auch nicht verbieten!<\/p>\n<p>Im <span style=\"text-decoration: underline\"><a href=\"https:\/\/www.spiegel.de\/politik\/ausland\/pakistan-angst-und-proteste-nach-schuessen-auf-malala-yousufzai-a-860886.html\" target=\"_blank\" rel=\"noopener noreferrer\">Spiegel<\/a><\/span> und <span style=\"text-decoration: underline\"><a href=\"https:\/\/www.welt.de\/politik\/ausland\/article110315715\/Warum-Malalas-Kampf-den-Taliban-Angst-macht.html\" target=\"_blank\" rel=\"noopener noreferrer\">&#8222;der Welt&#8220;<\/a><\/span> kann man hierzu noch mehr lesen.<\/p>\n<p>Warum ich den Bericht erst jetzt schreibe und nicht fr\u00fcher? Nun zum Einen habe ich \u00fcber Malala erst in einer Dokumentation Ende letzten Jahres erfahren, also auch einige Zeit nach dem Attentat. Zum Anderen ist heute &#8222;<em>Internationaler Tag der Kinder, die unschuldig zu Aggressionsopfern geworden sind<\/em>&#8220; und da passt diese Geschichte nur zu gut.<\/p>\n","protected":false},"excerpt":{"rendered":"<p>Die Taliban schie\u00dfen ein 14-j\u00e4hriges M\u00e4dchen nieder, selbst andere Terroristen verdammen die Tat als &#8222;barbarischen Anschlag&#8220;. Pl\u00f6tzlich ist damit auch die Angst zur\u00fcck: Die Menschen in Pakistan f\u00fcrchten eine neue&hellip; <\/p>\n","protected":false},"author":2,"featured_media":0,"comment_status":"open","ping_status":"open","sticky":false,"template":"","format":"standard","meta":{"footnotes":""},"categories":[11],"tags":[],"class_list":["post-15195","post","type-post","status-publish","format-standard","hentry","category-zum-nachdenken"],"_links":{"self":[{"href":"https:\/\/blog.planet-ari-um.de\/index.php?rest_route=\/wp\/v2\/posts\/15195","targetHints":{"allow":["GET"]}}],"collection":[{"href":"https:\/\/blog.planet-ari-um.de\/index.php?rest_route=\/wp\/v2\/posts"}],"about":[{"href":"https:\/\/blog.planet-ari-um.de\/index.php?rest_route=\/wp\/v2\/types\/post"}],"author":[{"embeddable":true,"href":"https:\/\/blog.planet-ari-um.de\/index.php?rest_route=\/wp\/v2\/users\/2"}],"replies":[{"embeddable":true,"href":"https:\/\/blog.planet-ari-um.de\/index.php?rest_route=%2Fwp%2Fv2%2Fcomments&post=15195"}],"version-history":[{"count":3,"href":"https:\/\/blog.planet-ari-um.de\/index.php?rest_route=\/wp\/v2\/posts\/15195\/revisions"}],"predecessor-version":[{"id":43458,"href":"https:\/\/blog.planet-ari-um.de\/index.php?rest_route=\/wp\/v2\/posts\/15195\/revisions\/43458"}],"wp:attachment":[{"href":"https:\/\/blog.planet-ari-um.de\/index.php?rest_route=%2Fwp%2Fv2%2Fmedia&parent=15195"}],"wp:term":[{"taxonomy":"category","embeddable":true,"href":"https:\/\/blog.planet-ari-um.de\/index.php?rest_route=%2Fwp%2Fv2%2Fcategories&post=15195"},{"taxonomy":"post_tag","embeddable":true,"href":"https:\/\/blog.planet-ari-um.de\/index.php?rest_route=%2Fwp%2Fv2%2Ftags&post=15195"}],"curies":[{"name":"wp","href":"https:\/\/api.w.org\/{rel}","templated":true}]}}